{"id":8324,"date":"2026-03-31T00:19:55","date_gmt":"2026-03-31T00:19:55","guid":{"rendered":"https:\/\/tvzelina.hr\/?p=8324"},"modified":"2026-03-31T04:46:05","modified_gmt":"2026-03-31T04:46:05","slug":"oluja-u-zagrebackoj-zupaniji-i-gradu-sveti-ivan-zelina","status":"publish","type":"post","link":"https:\/\/tvzelina.hr\/index.php\/2026\/03\/31\/oluja-u-zagrebackoj-zupaniji-i-gradu-sveti-ivan-zelina\/","title":{"rendered":"Oluja u Zagreba\u010dkoj \u017eupaniji i gradu Svetom Ivanu Zelini."},"content":{"rendered":"\t\t<div data-elementor-type=\"wp-post\" data-elementor-id=\"8324\" class=\"elementor elementor-8324\">\n\t\t\t\t<div class=\"elementor-element elementor-element-3313db81 e-flex e-con-boxed easy-enable-jarallax-no wpr-particle-no wpr-jarallax-no wpr-parallax-no wpr-sticky-section-no e-con e-parent\" data-id=\"3313db81\" data-element_type=\"container\" data-e-type=\"container\" data-settings=\"{&quot;background_background&quot;:&quot;classic&quot;}\">\n\t\t\t\t\t<div class=\"e-con-inner\">\n\t\t<div class=\"elementor-element elementor-element-5f9c9c23 e-con-full e-flex easy-enable-jarallax-no wpr-particle-no wpr-jarallax-no wpr-parallax-no wpr-sticky-section-no e-con e-child\" data-id=\"5f9c9c23\" data-element_type=\"container\" data-e-type=\"container\">\n\t\t\t\t<div class=\"elementor-element elementor-element-68d9c579 elementor-widget elementor-widget-elementskit-heading\" data-id=\"68d9c579\" data-element_type=\"widget\" data-e-type=\"widget\" data-widget_type=\"elementskit-heading.default\">\n\t\t\t\t\t<div class=\"ekit-wid-con\" ><div class=\"ekit-heading elementskit-section-title-wraper text_left   ekit_heading_tablet-   ekit_heading_mobile-\"><h3 class=\"elementskit-section-subtitle  elementskit-style-border\">\n\t\t\t\t\t\tPRESS: TV-Zelina \n\t\t\t\t\t<\/h3><h2 class=\"ekit-heading--title elementskit-section-title \">Prekinut program ITH I TV- ZELINE.<\/h2>\t\t\t\t<div class='ekit-heading__description'>\n\t\t\t\t\t<p class=\"isSelectedEnd\">U jutarnjim satima u petak, 27. o\u017eujka 2026., oko 04:00 sata, olujno nevrijeme prekinulo je program internetskih televizija ITH i TV Zelina.<\/p>\n<p class=\"isSelectedEnd\">Podzemna voda prodrla je kroz temelje i poplavila prostor. Oprema nije stradala, ali je pod pretrpio zna\u010dajna o\u0161te\u0107enja te je potrebna detaljna sanacija poslovnog prostora.<\/p>\n<p class=\"isSelectedEnd\">Budu\u0107i da smo prije dvije godine ve\u0107 imali poplavu, vjerovali smo da smo poduzetim mjerama sprije\u010dili njezino ponavljanje. Na\u017ealost, ovoga puta voda je zahvatila cijeli prostor, zbog \u010dega smo morali svu opremu izmjestiti u drugu, suhu prostoriju izvan poslovnog prostora.<\/p>\n<p class=\"isSelectedEnd\">Sanaciju ovoga puta ne\u0107emo mo\u0107i provesti vlastitim snagama. Program smo privremeno prekinuli te dogovorili preuzimanje programa partnerske Televizije Zapad. Tako\u0111er, opti\u010dki ruter bit \u0107e premje\u0161ten na novu, sigurniju lokaciju.<\/p>\n<p class=\"isSelectedEnd\">U narednim danima o\u010dekujemo procjenu \u0161tete i definiranje na\u010dina sanacije kako bismo sprije\u010dili ponavljanje ovakvih situacija. Ve\u0107 sada je jasno da tro\u0161kove ne\u0107emo mo\u0107i pokriti vlastitim sredstvima.<\/p>\n<p>O daljnjim postupcima pravovremeno \u0107emo vas obavijestiti. Direktor: Kruno Krek\u00a0<\/p>\n\t\t\t\t<\/div>\n\t\t\t<\/div><\/div>\t\t\t\t<\/div>\n\t\t\t\t<\/div>\n\t\t\t\t\t<\/div>\n\t\t\t\t<\/div>\n\t\t<div class=\"elementor-element elementor-element-6682cd5 e-flex e-con-boxed easy-enable-jarallax-no wpr-particle-no wpr-jarallax-no wpr-parallax-no wpr-sticky-section-no e-con e-parent\" data-id=\"6682cd5\" data-element_type=\"container\" data-e-type=\"container\">\n\t\t\t\t\t<div class=\"e-con-inner\">\n\t\t<div class=\"elementor-element elementor-element-51db45a e-con-full e-flex easy-enable-jarallax-no wpr-particle-no wpr-jarallax-no wpr-parallax-no wpr-sticky-section-no e-con e-child\" data-id=\"51db45a\" data-element_type=\"container\" data-e-type=\"container\">\n\t\t\t\t<div class=\"elementor-element elementor-element-10f38407 elementor-widget__width-initial elementor-widget elementor-widget-image\" data-id=\"10f38407\" data-element_type=\"widget\" data-e-type=\"widget\" data-widget_type=\"image.default\">\n\t\t\t\t\t\t\t\t\t\t\t\t\t\t\t<img fetchpriority=\"high\" decoding=\"async\" width=\"557\" height=\"606\" src=\"https:\/\/tvzelina.hr\/wp-content\/uploads\/2026\/03\/poplava-1.png\" class=\"attachment-full size-full wp-image-8404\" alt=\"\" srcset=\"https:\/\/tvzelina.hr\/wp-content\/uploads\/2026\/03\/poplava-1.png 557w, https:\/\/tvzelina.hr\/wp-content\/uploads\/2026\/03\/poplava-1-276x300.png 276w\" sizes=\"(max-width: 557px) 100vw, 557px\" \/>\t\t\t\t\t\t\t\t\t\t\t\t\t\t\t<\/div>\n\t\t\t\t<\/div>\n\t\t<div class=\"elementor-element elementor-element-b3b2164 e-con-full e-flex easy-enable-jarallax-no wpr-particle-no wpr-jarallax-no wpr-parallax-no wpr-sticky-section-no e-con e-child\" data-id=\"b3b2164\" data-element_type=\"container\" data-e-type=\"container\">\n\t\t\t\t<div class=\"elementor-element elementor-element-10ba786 elementor-widget elementor-widget-image\" data-id=\"10ba786\" data-element_type=\"widget\" data-e-type=\"widget\" data-widget_type=\"image.default\">\n\t\t\t\t\t\t\t\t\t\t\t\t\t\t\t<img decoding=\"async\" width=\"671\" height=\"730\" src=\"https:\/\/tvzelina.hr\/wp-content\/uploads\/2026\/03\/poplava.png\" class=\"attachment-large size-large wp-image-8406\" alt=\"\" srcset=\"https:\/\/tvzelina.hr\/wp-content\/uploads\/2026\/03\/poplava.png 671w, https:\/\/tvzelina.hr\/wp-content\/uploads\/2026\/03\/poplava-276x300.png 276w\" sizes=\"(max-width: 671px) 100vw, 671px\" \/>\t\t\t\t\t\t\t\t\t\t\t\t\t\t\t<\/div>\n\t\t\t\t<\/div>\n\t\t\t\t\t<\/div>\n\t\t\t\t<\/div>\n\t\t\t\t<\/div>\n\t\t","protected":false},"excerpt":{"rendered":"<p>PRESS: TV-Zelina Prekinut program ITH I TV- ZELINE. U jutarnjim satima u petak, 27. o\u017eujka 2026., oko 04:00 sata, olujno nevrijeme prekinulo je program internetskih televizija ITH i TV Zelina. Podzemna voda prodrla je kroz temelje i poplavila prostor. Oprema nije stradala, ali je pod pretrpio zna\u010dajna o\u0161te\u0107enja te je potrebna detaljna sanacija poslovnog prostora. Budu\u0107i da smo prije dvije godine ve\u0107 imali poplavu, vjerovali smo da smo poduzetim mjerama sprije\u010dili njezino ponavljanje. Na\u017ealost, ovoga puta voda je zahvatila cijeli prostor, zbog \u010dega smo morali svu opremu izmjestiti u drugu, suhu prostoriju izvan poslovnog prostora. Sanaciju ovoga puta ne\u0107emo mo\u0107i provesti vlastitim snagama. Program smo privremeno prekinuli te dogovorili preuzimanje programa partnerske Televizije Zapad. Tako\u0111er, opti\u010dki ruter bit \u0107e premje\u0161ten na novu, sigurniju lokaciju. U narednim danima o\u010dekujemo procjenu \u0161tete i definiranje na\u010dina sanacije kako bismo sprije\u010dili ponavljanje ovakvih situacija. Ve\u0107 sada je jasno da tro\u0161kove ne\u0107emo mo\u0107i pokriti vlastitim sredstvima. O daljnjim postupcima pravovremeno \u0107emo vas obavijestiti. Direktor: Kruno Krek\u00a0<\/p>\n","protected":false},"author":1,"featured_media":8405,"comment_status":"closed","ping_status":"closed","sticky":false,"template":"","format":"standard","meta":{"footnotes":""},"categories":[1],"tags":[],"class_list":["post-8324","post","type-post","status-publish","format-standard","has-post-thumbnail","hentry","category-menu"],"_links":{"self":[{"href":"https:\/\/tvzelina.hr\/index.php\/wp-json\/wp\/v2\/posts\/8324","targetHints":{"allow":["GET"]}}],"collection":[{"href":"https:\/\/tvzelina.hr\/index.php\/wp-json\/wp\/v2\/posts"}],"about":[{"href":"https:\/\/tvzelina.hr\/index.php\/wp-json\/wp\/v2\/types\/post"}],"author":[{"embeddable":true,"href":"https:\/\/tvzelina.hr\/index.php\/wp-json\/wp\/v2\/users\/1"}],"replies":[{"embeddable":true,"href":"https:\/\/tvzelina.hr\/index.php\/wp-json\/wp\/v2\/comments?post=8324"}],"version-history":[{"count":11,"href":"https:\/\/tvzelina.hr\/index.php\/wp-json\/wp\/v2\/posts\/8324\/revisions"}],"predecessor-version":[{"id":8483,"href":"https:\/\/tvzelina.hr\/index.php\/wp-json\/wp\/v2\/posts\/8324\/revisions\/8483"}],"wp:featuredmedia":[{"embeddable":true,"href":"https:\/\/tvzelina.hr\/index.php\/wp-json\/wp\/v2\/media\/8405"}],"wp:attachment":[{"href":"https:\/\/tvzelina.hr\/index.php\/wp-json\/wp\/v2\/media?parent=8324"}],"wp:term":[{"taxonomy":"category","embeddable":true,"href":"https:\/\/tvzelina.hr\/index.php\/wp-json\/wp\/v2\/categories?post=8324"},{"taxonomy":"post_tag","embeddable":true,"href":"https:\/\/tvzelina.hr\/index.php\/wp-json\/wp\/v2\/tags?post=8324"}],"curies":[{"name":"wp","href":"https:\/\/api.w.org\/{rel}","templated":true}]}}